{"id":6868,"date":"2024-12-04T09:48:04","date_gmt":"2024-12-04T08:48:04","guid":{"rendered":"https:\/\/valgrai.eu\/2024\/12\/04\/de-nativos-digitales-a-ciudadanos-digitales-una-propuesta-para-educar-en-competencias-criticas\/"},"modified":"2024-12-04T09:48:04","modified_gmt":"2024-12-04T08:48:04","slug":"de-nativos-digitales-a-ciudadanos-digitales-una-propuesta-para-educar-en-competencias-criticas","status":"publish","type":"post","link":"https:\/\/valgrai.eu\/en\/2024\/12\/04\/de-nativos-digitales-a-ciudadanos-digitales-una-propuesta-para-educar-en-competencias-criticas\/","title":{"rendered":"De nativos digitales a ciudadanos digitales: una propuesta para educar en competencias cr\u00edticas"},"content":{"rendered":"<p>En la era de la digitalizaci\u00f3n, a menudo se habla de los \u201cnativos digitales\u201d, una etiqueta que supone que los ni\u00f1os y adolescentes, por haber nacido rodeados de tecnolog\u00eda, poseen de manera inherente las habilidades necesarias para navegar en el entorno digital. Sin embargo, esta percepci\u00f3n es profundamente err\u00f3nea. La familiaridad con las pantallas no equivale a un entendimiento cr\u00edtico ni a un uso consciente y seguro de la tecnolog\u00eda.<\/p>\n<p>El reciente informe del Comit\u00e9 de Personas Expertas sobre entornos digitales y menores, del cual tuve el honor de formar parte, se\u00f1ala con claridad la necesidad de transcender esta idea simplista. Los riesgos asociados al uso intensivo y desregulado de la tecnolog\u00eda en menores \u2014como la adicci\u00f3n, la exposici\u00f3n a contenidos nocivos y la mercantilizaci\u00f3n de sus datos\u2014 evidencian que no basta con &#8220;nacer digital&#8221;. Es imperativo educar a las nuevas generaciones para que no solo sean consumidores pasivos de tecnolog\u00eda, sino ciudadanos digitales activos y cr\u00edticos.<\/p>\n<h2><strong>Los peligros de la falsa competencia digital<\/strong><\/h2>\n<p>El t\u00e9rmino \u201cnativo digital\u201d puede fomentar una peligrosa complacencia tanto en padres como en educadores. La facilidad con la que los menores interact\u00faan con dispositivos tecnol\u00f3gicos oculta las carencias en competencias digitales esenciales: identificar noticias falsas, gestionar la privacidad de sus datos o reconocer patrones oscuros dise\u00f1ados para capturar su atenci\u00f3n. Sin estas habilidades, los menores quedan vulnerables a riesgos \u00e9ticos, sociales y de salud mental en el entorno digital.<\/p>\n<p>Un ejemplo preocupante es el impacto de las redes sociales en la autoestima y el desarrollo emocional de los adolescentes, exacerbado por algoritmos que promueven la interacci\u00f3n constante y el contenido altamente emotivo. Sin una formaci\u00f3n adecuada, estos j\u00f3venes se convierten en v\u00edctimas de un sistema dise\u00f1ado para maximizar el tiempo de uso, no para proteger su bienestar.<\/p>\n<h2><strong>De consumidores a ciudadanos: el papel de la educaci\u00f3n cr\u00edtica<\/strong><\/h2>\n<p>En el actual entorno digital, no basta con que ni\u00f1os y adolescentes sepan utilizar dispositivos tecnol\u00f3gicos; es esencial que desarrollen competencias cr\u00edticas que les permitan entender, cuestionar y gestionar de manera consciente su interacci\u00f3n con la tecnolog\u00eda. Este enfoque educativo debe centrarse en dotar a los menores de herramientas para navegar de forma segura, \u00e9tica y responsable en un mundo digital cada vez m\u00e1s complejo.<\/p>\n<p>Una educaci\u00f3n cr\u00edtica comienza con la comprensi\u00f3n de la econom\u00eda digital. Es crucial que los j\u00f3venes reconozcan c\u00f3mo sus datos personales se convierten en moneda de cambio dentro de un modelo econ\u00f3mico basado en la mercantilizaci\u00f3n de la informaci\u00f3n. Con este conocimiento, no solo ser\u00e1n capaces de proteger su privacidad, sino tambi\u00e9n de exigir mayor transparencia y \u00e9tica en el uso de sus datos.<\/p>\n<p>Adem\u00e1s, ense\u00f1ar a los menores a evaluar la credibilidad de la informaci\u00f3n es una tarea fundamental. Vivimos en una era donde la desinformaci\u00f3n prolifera y donde la capacidad de distinguir entre hechos, opiniones y publicidad es una competencia esencial para participar activamente en la sociedad digital.<\/p>\n<p>Por otro lado, fomentar una relaci\u00f3n saludable con la tecnolog\u00eda implica ayudar a los j\u00f3venes a identificar patrones adictivos que muchas plataformas digitales utilizan intencionadamente. Aprender a establecer l\u00edmites en el uso de dispositivos no solo es una cuesti\u00f3n de bienestar personal, sino tambi\u00e9n de preservar la capacidad de concentraci\u00f3n, creatividad y conexi\u00f3n emocional en sus relaciones cotidianas.<\/p>\n<p>En este contexto, la educaci\u00f3n cr\u00edtica no solo busca formar consumidores conscientes, sino ciudadanos digitales responsables. Proveer a las nuevas generaciones con estas habilidades les permitir\u00e1 no solo adaptarse al mundo digital, sino tambi\u00e9n transformarlo para que sea m\u00e1s inclusivo, seguro y \u00e9tico. Este cambio cultural empieza en las aulas, pero necesita del compromiso de toda la sociedad para garantizar que la tecnolog\u00eda est\u00e9 verdaderamente al servicio de las personas.<\/p>\n<h2><strong>La inteligencia artificial como aliada educativa<\/strong><\/h2>\n<p>Como investigador en inteligencia artificial, estoy convencido de que la tecnolog\u00eda puede desempe\u00f1ar un papel clave en esta transformaci\u00f3n educativa. Los sistemas de inteligencia artificial pueden personalizar el aprendizaje, ayudar a identificar riesgos en tiempo real y proporcionar herramientas para que los menores naveguen de forma segura en el entorno digital.<\/p>\n<p>Por ejemplo, pueden dise\u00f1arse algoritmos para detectar y mitigar el impacto del ciberacoso, alertar sobre contenido inapropiado y fomentar experiencias digitales enriquecedoras y educativas. Sin embargo, el dise\u00f1o y la implementaci\u00f3n de estas herramientas deben estar guiados por principios \u00e9ticos que prioricen el inter\u00e9s superior del menor, garantizando que la tecnolog\u00eda sea un medio de empoderamiento y no de explotaci\u00f3n.<\/p>\n<h2><strong>Un llamado a la acci\u00f3n colectiva<\/strong><\/h2>\n<p>La formaci\u00f3n en competencias digitales cr\u00edticas no es responsabilidad exclusiva de las escuelas; requiere una acci\u00f3n concertada entre familias, instituciones educativas, gobiernos y la industria tecnol\u00f3gica. Mientras las familias necesitan herramientas para acompa\u00f1ar a sus hijos en el mundo digital, los gobiernos deben garantizar un marco regulatorio que proteja a los menores de pr\u00e1cticas abusivas. Al mismo tiempo, la industria tecnol\u00f3gica tiene la obligaci\u00f3n \u00e9tica de redise\u00f1ar sus productos para fomentar un uso saludable.<\/p>\n<p>No basta con restringir el acceso a pantallas o prohibir dispositivos; debemos preparar a los menores para enfrentarse a los desaf\u00edos de un entorno digital en constante cambio. Esto implica proporcionarles las herramientas necesarias para que participen activamente en la sociedad digital, ejerzan sus derechos y tomen decisiones informadas y responsables.<\/p>\n<p><strong>\u00a0<\/strong><\/p>\n<p>El paso de \u201cnativos digitales\u201d a \u201cciudadanos digitales\u201d no es solo una aspiraci\u00f3n educativa; es una necesidad urgente para garantizar el desarrollo integral de las pr\u00f3ximas generaciones. Como sociedad, debemos reconocer que el verdadero progreso no radica en adoptar la tecnolog\u00eda sin cuestionarla, sino en aprender a convivir con ella de manera consciente y \u00e9tica.<\/p>\n<p>El informe del Comit\u00e9 de Personas Expertas marca un hito en este camino, ofreciendo una hoja de ruta para proteger a la infancia y adolescencia en el entorno digital. Ahora nos corresponde a todos, desde nuestras respectivas \u00e1reas de influencia, hacer de esta visi\u00f3n una realidad tangible y duradera.<\/p>\n<p>&#8212;<\/p>\n<p><strong>Antoni Mestre Gast\u00f3n<\/strong><\/p>\n<p><span data-olk-copy-source=\"MessageBody\">Miembro del Comit\u00e9 de Expertos del Ministerio de Juventud e Infancia<\/span><\/p>\n","protected":false},"excerpt":{"rendered":"<p>En la era de la digitalizaci\u00f3n, a menudo se habla de los \u201cnativos digitales\u201d, una etiqueta que supone que los ni\u00f1os y adolescentes, por haber nacido rodeados de tecnolog\u00eda, poseen&#8230;<\/p>\n","protected":false},"author":10,"featured_media":3925,"comment_status":"closed","ping_status":"closed","sticky":false,"template":"","format":"standard","meta":{"_acf_changed":false,"inline_featured_image":false,"footnotes":""},"categories":[3952],"tags":[],"class_list":{"0":"post-6868","1":"post","2":"type-post","3":"status-publish","4":"format-standard","5":"has-post-thumbnail","7":"category-articulos-2"},"acf":[],"_links":{"self":[{"href":"https:\/\/valgrai.eu\/en\/wp-json\/wp\/v2\/posts\/6868","targetHints":{"allow":["GET"]}}],"collection":[{"href":"https:\/\/valgrai.eu\/en\/wp-json\/wp\/v2\/posts"}],"about":[{"href":"https:\/\/valgrai.eu\/en\/wp-json\/wp\/v2\/types\/post"}],"author":[{"embeddable":true,"href":"https:\/\/valgrai.eu\/en\/wp-json\/wp\/v2\/users\/10"}],"replies":[{"embeddable":true,"href":"https:\/\/valgrai.eu\/en\/wp-json\/wp\/v2\/comments?post=6868"}],"version-history":[{"count":0,"href":"https:\/\/valgrai.eu\/en\/wp-json\/wp\/v2\/posts\/6868\/revisions"}],"wp:featuredmedia":[{"embeddable":true,"href":"https:\/\/valgrai.eu\/en\/wp-json\/wp\/v2\/media\/3925"}],"wp:attachment":[{"href":"https:\/\/valgrai.eu\/en\/wp-json\/wp\/v2\/media?parent=6868"}],"wp:term":[{"taxonomy":"category","embeddable":true,"href":"https:\/\/valgrai.eu\/en\/wp-json\/wp\/v2\/categories?post=6868"},{"taxonomy":"post_tag","embeddable":true,"href":"https:\/\/valgrai.eu\/en\/wp-json\/wp\/v2\/tags?post=6868"}],"curies":[{"name":"wp","href":"https:\/\/api.w.org\/{rel}","templated":true}]}}